{"id":16751,"date":"2021-12-21T11:06:00","date_gmt":"2021-12-21T10:06:00","guid":{"rendered":"https:\/\/www.hotelsanchez.com\/vuelve-la-gran-trail-sobrarbe-pena-montanesa-2-2\/"},"modified":"2023-11-07T15:02:05","modified_gmt":"2023-11-07T14:02:05","slug":"fetes-du-chateau-dainsa","status":"publish","type":"post","link":"https:\/\/www.hotelsanchez.com\/fr\/fetes-du-chateau-dainsa\/","title":{"rendered":"F\u00eates du Ch\u00e2teau d\u2019A\u00ednsa"},"content":{"rendered":"\n<p>Le Festival Castillo de A\u00ednsa, l&#8217;un des festivals de musique les plus anciens d&#8217;Aragon, c\u00e9l\u00e9brera cet \u00e9t\u00e9 sa 33e \u00e9dition en grande pompe. La Ronda de Bolta\u00f1a est en t\u00eate d&#8217;affiche en pr\u00e9sentant son nouvel album, \u00ab La Estaci\u00f3n de las Violetas \u00bb, accompagn\u00e9e des c\u00e9l\u00e8bres Rozal\u00e9n, Carmen Par\u00eds et Mar\u00eda Jos\u00e9 Hern\u00e1ndez, qui ont collabor\u00e9 avec les habitants de Sobrarban pour l&#8217;enregistrement de leur derni\u00e8re \u0153uvre.<br>Javier Mas de Saragosse, qui apr\u00e8s avoir accompagn\u00e9 pendant de nombreuses ann\u00e9es Mar\u00eda del Mar Bonet, Manolo Garc\u00eda, Kiko Veneno, Raimundo Amador et Jackson Browne, s&#8217;est fait conna\u00eetre du grand public apr\u00e8s \u00eatre devenu le bras droit de l&#8217;auteur-compositeur-interpr\u00e8te canadien en 2008. Leonard Cohen. Il pr\u00e9c\u00e9dera Yamandu Costa, c\u00e9l\u00e8bre musicien br\u00e9silien et plus grand repr\u00e9sentant de la guitare ib\u00e9ro-am\u00e9ricaine actuelle, qui offrira son concert dans la nuit du vendredi 7 juillet.<br>Santiago Auser\u00f3n arrivera dans la ville d&#8217;A\u00ednsa le 14 juillet sous le nom de \u00ab Juan Perro Sextet \u00bb.<\/p>\n\n\n\n<p>&#8220;Depuis Radio Futura, il n&#8217;a cess\u00e9 de grandir, de cr\u00e9er, d&#8217;explorer ses racines et de proposer des albums aussi brillants qu&#8217;irr\u00e9sistibles, et il vient au Sobrarbe avec tout son groupe pour offrir un spectacle m\u00e9morable.&#8221; Le 15 juillet, la force et l&#8217;intensit\u00e9 du Viki aragonais et du Wild pr\u00e9c\u00e9dera le<br>Groupe de rock valencien Santero y Los Muchachos, qui vit son grand moment de croissance avec des chansons pleines de fra\u00eecheur, de douceur, d&#8217;audace et de beaucoup de confiance en soi.<br>Ces six noms constituent la graine qui fa\u00e7onnera le calendrier 2023.<\/p>\n","protected":false},"excerpt":{"rendered":"<p>Le Festival Castillo de A\u00ednsa, l&#8217;un des festivals de musique les plus anciens d&#8217;Aragon, c\u00e9l\u00e9brera cet \u00e9t\u00e9 sa 33e \u00e9dition en grande pompe. La Ronda de Bolta\u00f1a est en t\u00eate&#8230;<\/p>\n","protected":false},"author":4,"featured_media":16307,"comment_status":"closed","ping_status":"open","sticky":false,"template":"","format":"standard","meta":{"footnotes":""},"categories":[140],"tags":[],"_links":{"self":[{"href":"https:\/\/www.hotelsanchez.com\/fr\/wp-json\/wp\/v2\/posts\/16751"}],"collection":[{"href":"https:\/\/www.hotelsanchez.com\/fr\/wp-json\/wp\/v2\/posts"}],"about":[{"href":"https:\/\/www.hotelsanchez.com\/fr\/wp-json\/wp\/v2\/types\/post"}],"author":[{"embeddable":true,"href":"https:\/\/www.hotelsanchez.com\/fr\/wp-json\/wp\/v2\/users\/4"}],"replies":[{"embeddable":true,"href":"https:\/\/www.hotelsanchez.com\/fr\/wp-json\/wp\/v2\/comments?post=16751"}],"version-history":[{"count":1,"href":"https:\/\/www.hotelsanchez.com\/fr\/wp-json\/wp\/v2\/posts\/16751\/revisions"}],"predecessor-version":[{"id":16752,"href":"https:\/\/www.hotelsanchez.com\/fr\/wp-json\/wp\/v2\/posts\/16751\/revisions\/16752"}],"wp:featuredmedia":[{"embeddable":true,"href":"https:\/\/www.hotelsanchez.com\/fr\/wp-json\/wp\/v2\/media\/16307"}],"wp:attachment":[{"href":"https:\/\/www.hotelsanchez.com\/fr\/wp-json\/wp\/v2\/media?parent=16751"}],"wp:term":[{"taxonomy":"category","embeddable":true,"href":"https:\/\/www.hotelsanchez.com\/fr\/wp-json\/wp\/v2\/categories?post=16751"},{"taxonomy":"post_tag","embeddable":true,"href":"https:\/\/www.hotelsanchez.com\/fr\/wp-json\/wp\/v2\/tags?post=16751"}],"curies":[{"name":"wp","href":"https:\/\/api.w.org\/{rel}","templated":true}]}}